{"id":89,"date":"2025-03-02T01:45:40","date_gmt":"2025-03-02T01:45:40","guid":{"rendered":"https:\/\/advocaciaap.adv.br\/?p=89"},"modified":"2025-03-02T01:47:08","modified_gmt":"2025-03-02T01:47:08","slug":"as-transformacoes-do-direito-do-trabalho-impactos-da-lei-13-467-2017","status":"publish","type":"post","link":"https:\/\/advocaciaap.adv.br\/index.php\/2025\/03\/02\/as-transformacoes-do-direito-do-trabalho-impactos-da-lei-13-467-2017\/","title":{"rendered":"As Transforma\u00e7\u00f5es do Direito do Trabalho: Impactos da Lei 13.467\/2017"},"content":{"rendered":"\n<p>A reforma trabalhista, promulgada em 2017 com a Lei 13.467, trouxe mudan\u00e7as significativas para as rela\u00e7\u00f5es de trabalho no Brasil. Essas altera\u00e7\u00f5es afetam tanto empregados quanto empregadores, exigindo uma adapta\u00e7\u00e3o r\u00e1pida para garantir a seguran\u00e7a jur\u00eddica e a conformidade com as novas regras.<\/p>\n\n\n\n<p><strong>Principais Mudan\u00e7as na Legisla\u00e7\u00e3o<\/strong><br>A nova legisla\u00e7\u00e3o introduziu diversos ajustes, como a preval\u00eancia do negociado sobre o legislado em alguns casos, a flexibiliza\u00e7\u00e3o de regras para jornadas de trabalho e a possibilidade de contratos intermitentes. Essa moderniza\u00e7\u00e3o visa oferecer mais autonomia \u00e0s partes, mas tamb\u00e9m demanda cautela na elabora\u00e7\u00e3o dos acordos para evitar conflitos judiciais.<\/p>\n\n\n\n<p><strong>Impactos para Empresas e Empregados<\/strong><\/p>\n\n\n\n<ul class=\"wp-block-list\">\n<li><strong>Para as Empresas:<\/strong> A reforma permite a ado\u00e7\u00e3o de modelos mais flex\u00edveis na gest\u00e3o de recursos humanos, proporcionando maior capacidade de adapta\u00e7\u00e3o frente a cen\u00e1rios econ\u00f4micos desafiadores. Contudo, \u00e9 fundamental que as empresas revisem suas pr\u00e1ticas para garantir a observ\u00e2ncia dos direitos trabalhistas e evitar passivos jur\u00eddicos.<\/li>\n\n\n\n<li><strong>Para os Empregados:<\/strong> Apesar das mudan\u00e7as favorecerem a flexibiliza\u00e7\u00e3o das rela\u00e7\u00f5es, \u00e9 importante que os trabalhadores estejam atentos aos novos acordos e condi\u00e7\u00f5es de trabalho. A assessoria jur\u00eddica se torna indispens\u00e1vel para orientar e defender os direitos individuais frente a poss\u00edveis abusos.<\/li>\n<\/ul>\n\n\n\n<p><strong>O Papel da Assessoria Jur\u00eddica<\/strong><br>Contar com uma equipe especializada em Direito do Trabalho \u00e9 essencial para navegar pelas complexidades introduzidas pela reforma. Advogados com experi\u00eancia na \u00e1rea podem oferecer suporte tanto na consultoria preventiva quanto na atua\u00e7\u00e3o em contencioso, garantindo que os direitos sejam preservados e os interesses das partes, protegidos.<\/p>\n\n\n\n<p><strong>Conclus\u00e3o<\/strong><br>A Lei 13.467\/2017 trouxe mudan\u00e7as profundas no cen\u00e1rio trabalhista brasileiro, desafiando empresas e trabalhadores a se adaptarem a um novo paradigma. A orienta\u00e7\u00e3o de profissionais especializados \u00e9 crucial para aproveitar as oportunidades e mitigar os riscos decorrentes dessa transforma\u00e7\u00e3o.<\/p>\n","protected":false},"excerpt":{"rendered":"<p>A reforma trabalhista, promulgada em 2017 com a Lei 13.467, trouxe mudan\u00e7as significativas para as rela\u00e7\u00f5es de trabalho no Brasil. Essas altera\u00e7\u00f5es afetam tanto empregados quanto empregadores, exigindo uma adapta\u00e7\u00e3o r\u00e1pida para garantir a seguran\u00e7a jur\u00eddica e a conformidade com as novas regras. Principais Mudan\u00e7as na Legisla\u00e7\u00e3oA nova legisla\u00e7\u00e3o introduziu diversos ajustes, como a preval\u00eancia [&hellip;]<\/p>\n","protected":false},"author":1,"featured_media":91,"comment_status":"open","ping_status":"open","sticky":false,"template":"","format":"standard","meta":{"footnotes":""},"categories":[7],"tags":[],"class_list":["post-89","post","type-post","status-publish","format-standard","has-post-thumbnail","hentry","category-direto-do-trabalho"],"_links":{"self":[{"href":"https:\/\/advocaciaap.adv.br\/index.php\/wp-json\/wp\/v2\/posts\/89","targetHints":{"allow":["GET"]}}],"collection":[{"href":"https:\/\/advocaciaap.adv.br\/index.php\/wp-json\/wp\/v2\/posts"}],"about":[{"href":"https:\/\/advocaciaap.adv.br\/index.php\/wp-json\/wp\/v2\/types\/post"}],"author":[{"embeddable":true,"href":"https:\/\/advocaciaap.adv.br\/index.php\/wp-json\/wp\/v2\/users\/1"}],"replies":[{"embeddable":true,"href":"https:\/\/advocaciaap.adv.br\/index.php\/wp-json\/wp\/v2\/comments?post=89"}],"version-history":[{"count":1,"href":"https:\/\/advocaciaap.adv.br\/index.php\/wp-json\/wp\/v2\/posts\/89\/revisions"}],"predecessor-version":[{"id":90,"href":"https:\/\/advocaciaap.adv.br\/index.php\/wp-json\/wp\/v2\/posts\/89\/revisions\/90"}],"wp:featuredmedia":[{"embeddable":true,"href":"https:\/\/advocaciaap.adv.br\/index.php\/wp-json\/wp\/v2\/media\/91"}],"wp:attachment":[{"href":"https:\/\/advocaciaap.adv.br\/index.php\/wp-json\/wp\/v2\/media?parent=89"}],"wp:term":[{"taxonomy":"category","embeddable":true,"href":"https:\/\/advocaciaap.adv.br\/index.php\/wp-json\/wp\/v2\/categories?post=89"},{"taxonomy":"post_tag","embeddable":true,"href":"https:\/\/advocaciaap.adv.br\/index.php\/wp-json\/wp\/v2\/tags?post=89"}],"curies":[{"name":"wp","href":"https:\/\/api.w.org\/{rel}","templated":true}]}}